{"id":2536,"date":"2025-08-26T11:55:42","date_gmt":"2025-08-26T09:55:42","guid":{"rendered":"https:\/\/infolucide.net\/?p=2536"},"modified":"2025-08-26T14:50:06","modified_gmt":"2025-08-26T12:50:06","slug":"senegal-abass-fall-elu-maire-de-dakar-la-cour-supreme-rejette-le-recours-de-barthelemy-dias","status":"publish","type":"post","link":"https:\/\/infolucide.net\/?p=2536","title":{"rendered":"S\u00e9n\u00e9gal : Abass Fall \u00e9lu maire de Dakar, la Cour supr\u00eame rejette le recours de Barth\u00e9l\u00e9my Dias"},"content":{"rendered":"\n<p class=\"has-text-align-justify\">Dakar, 25 ao\u00fbt 2025 \u2013 Le Conseil municipal de Dakar a \u00e9lu ce lundi Abass Fall, actuel Ministre du Travail et membre du parti au pouvoir Pastef, nouveau maire de la capitale s\u00e9n\u00e9galaise. Cette \u00e9lection intervient dans un contexte tendu marqu\u00e9 par la destitution de l\u2019ancien \u00e9dile, Barth\u00e9l\u00e9my Dias, dont la contestation judiciaire a connu un nouvel \u00e9pisode. En effet, le m\u00eame jour, la Cour supr\u00eame a rejet\u00e9 le recours en r\u00e9f\u00e9r\u00e9 introduit par M. Dias, qui contestait sa r\u00e9vocation intervenue il y a plusieurs mois. Cette d\u00e9cision met un terme provisoire \u00e0 l\u2019imbroglio politico-judiciaire qui paralysait la mairie de Dakar, bien que l\u2019ancien maire conserve la possibilit\u00e9 d\u2019autres actions en justice. L\u2019arriv\u00e9e d\u2019Abass Fall \u00e0 la t\u00eate de la capitale s\u00e9n\u00e9galaise est per\u00e7ue comme un renforcement du poids politique du Pastef, d\u00e9j\u00e0 au sommet de l\u2019\u00c9tat depuis l\u2019\u00e9lection pr\u00e9sidentielle, et ouvre une nouvelle page dans la gouvernance municipale de Dakar, ville strat\u00e9gique et hautement symbolique de la vie politique du pays.<\/p>\n\n\n\n<p>Alfred ZORO-BI<\/p>\n","protected":false},"excerpt":{"rendered":"<p>Dakar, 25 ao\u00fbt 2025 \u2013 Le Conseil municipal de Dakar a \u00e9lu ce lundi Abass Fall, actuel Ministre du Travail et membre du parti au pouvoir Pastef, nouveau maire de la capitale s\u00e9n\u00e9galaise. Cette \u00e9lection intervient dans un contexte tendu marqu\u00e9 par la destitution de l\u2019ancien \u00e9dile, Barth\u00e9l\u00e9my Dias, dont la contestation judiciaire a connu [&hellip;]<\/p>\n","protected":false},"author":2,"featured_media":2537,"comment_status":"open","ping_status":"open","sticky":false,"template":"","format":"standard","meta":{"tdm_status":"","tdm_grid_status":"","footnotes":""},"categories":[28,25],"tags":[],"class_list":["post-2536","post","type-post","status-publish","format-standard","has-post-thumbnail","hentry","category-international","category-politics"],"jetpack_featured_media_url":"https:\/\/infolucide.net\/wp-content\/uploads\/2025\/08\/jad20210719-gfdakar-bataille-municipale-hotel-de-ville.jpeg","_links":{"self":[{"href":"https:\/\/infolucide.net\/index.php?rest_route=\/wp\/v2\/posts\/2536","targetHints":{"allow":["GET"]}}],"collection":[{"href":"https:\/\/infolucide.net\/index.php?rest_route=\/wp\/v2\/posts"}],"about":[{"href":"https:\/\/infolucide.net\/index.php?rest_route=\/wp\/v2\/types\/post"}],"author":[{"embeddable":true,"href":"https:\/\/infolucide.net\/index.php?rest_route=\/wp\/v2\/users\/2"}],"replies":[{"embeddable":true,"href":"https:\/\/infolucide.net\/index.php?rest_route=%2Fwp%2Fv2%2Fcomments&post=2536"}],"version-history":[{"count":1,"href":"https:\/\/infolucide.net\/index.php?rest_route=\/wp\/v2\/posts\/2536\/revisions"}],"predecessor-version":[{"id":2538,"href":"https:\/\/infolucide.net\/index.php?rest_route=\/wp\/v2\/posts\/2536\/revisions\/2538"}],"wp:featuredmedia":[{"embeddable":true,"href":"https:\/\/infolucide.net\/index.php?rest_route=\/wp\/v2\/media\/2537"}],"wp:attachment":[{"href":"https:\/\/infolucide.net\/index.php?rest_route=%2Fwp%2Fv2%2Fmedia&parent=2536"}],"wp:term":[{"taxonomy":"category","embeddable":true,"href":"https:\/\/infolucide.net\/index.php?rest_route=%2Fwp%2Fv2%2Fcategories&post=2536"},{"taxonomy":"post_tag","embeddable":true,"href":"https:\/\/infolucide.net\/index.php?rest_route=%2Fwp%2Fv2%2Ftags&post=2536"}],"curies":[{"name":"wp","href":"https:\/\/api.w.org\/{rel}","templated":true}]}}