{"id":2660,"date":"2025-11-18T11:35:17","date_gmt":"2025-11-18T10:35:17","guid":{"rendered":"https:\/\/infolucide.net\/?p=2660"},"modified":"2025-11-18T11:35:20","modified_gmt":"2025-11-18T10:35:20","slug":"canal-et-supersport-decrochent-les-droits-de-diffusion-du-football-africain-une-annonce-qui-suscite-des-reserves-parmi-les-diffuseurs-locaux","status":"publish","type":"post","link":"https:\/\/infolucide.net\/?p=2660","title":{"rendered":"CANAL+ ET SUPERSPORT D\u00c9CROCHENT LES DROITS DE DIFFUSION DU FOOTBALL AFRICAIN : UNE ANNONCE QUI SUSCITE DES R\u00c9SERVES PARMI LES DIFFUSEURS LOCAUX"},"content":{"rendered":"\n<p class=\"has-text-align-justify\">CANAL+ et SuperSport viennent de remporter les droits de diffusion du prochain grand tournoi de football africain, mais cette annonce ne fait pas que des heureux. Le tournoi, qui se d\u00e9roulera au Maroc du 21 d\u00e9cembre 2025 au 18 janvier 2026, sera donc retransmis exclusivement par ces deux g\u00e9ants des m\u00e9dias. CANAL+ proposera m\u00eame l&rsquo;int\u00e9gralit\u00e9 de la comp\u00e9tition en plusieurs langues &#8211; fran\u00e7ais, anglais, portugais et certaines langues locales &#8211; une premi\u00e8re sur le continent.<\/p>\n\n\n\n<p class=\"has-text-align-justify\">Si cette couverture multilingue est techniquement impressionnante, elle ne suffit pas \u00e0 calmer les inqui\u00e9tudes. De nombreux diffuseurs locaux expriment leur amertume, estimant qu&rsquo;on les prive d&rsquo;un \u00e9v\u00e9nement qui devrait d&rsquo;abord profiter aux cha\u00eenes africaines. Pour eux, c&rsquo;est comme si on leur volait leur propre histoire.<\/p>\n\n\n\n<p class=\"has-text-align-justify\">Plusieurs professionnels du secteur d\u00e9noncent un syst\u00e8me de droits trop concentr\u00e9 entre les mains de groupes internationaux aux moyens financiers colossaux. Les m\u00e9dias nationaux, eux, peinent \u00e0 suivre cette course aux droits de diffusion. D&rsquo;autres s&rsquo;inqui\u00e8tent pour les t\u00e9l\u00e9spectateurs qui n&rsquo;auront pas les moyens de s&rsquo;offrir les abonnements n\u00e9cessaires, creusant ainsi une fracture num\u00e9rique.<\/p>\n\n\n\n<p class=\"has-text-align-justify\">CANAL+ et SuperSport poursuivent leur strat\u00e9gie de rafler les contenus sportifs premium, eux qui sont d\u00e9j\u00e0 bien install\u00e9s dans le paysage du football africain. Mais cette nouvelle acquisition relance un d\u00e9bat crucial : quelle place reste-t-il vraiment pour les cha\u00eenes africaines dans la diffusion de leurs propres comp\u00e9titions ?<\/p>\n\n\n\n<p class=\"has-text-align-justify\">Au final, si tout le monde reconna\u00eet le progr\u00e8s technique, le choix des diffuseurs continue de diviser. Cette pol\u00e9mique ouvre une r\u00e9flexion plus large sur l&rsquo;acc\u00e8s \u00e9quitable au sport et sur l&rsquo;ind\u00e9pendance m\u00e9diatique du continent africain.<\/p>\n\n\n\n<p>D\u00e9rush KANGAH<\/p>\n","protected":false},"excerpt":{"rendered":"<p>CANAL+ et SuperSport viennent de remporter les droits de diffusion du prochain grand tournoi de football africain, mais cette annonce ne fait pas que des heureux. Le tournoi, qui se d\u00e9roulera au Maroc du 21 d\u00e9cembre 2025 au 18 janvier 2026, sera donc retransmis exclusivement par ces deux g\u00e9ants des m\u00e9dias. CANAL+ proposera m\u00eame l&rsquo;int\u00e9gralit\u00e9 [&hellip;]<\/p>\n","protected":false},"author":2,"featured_media":2661,"comment_status":"open","ping_status":"open","sticky":false,"template":"","format":"standard","meta":{"tdm_status":"","tdm_grid_status":"","footnotes":""},"categories":[28,22],"tags":[],"class_list":["post-2660","post","type-post","status-publish","format-standard","has-post-thumbnail","hentry","category-international","category-sport"],"jetpack_featured_media_url":"https:\/\/infolucide.net\/wp-content\/uploads\/2025\/11\/caf_supersport3.jpeg","_links":{"self":[{"href":"https:\/\/infolucide.net\/index.php?rest_route=\/wp\/v2\/posts\/2660","targetHints":{"allow":["GET"]}}],"collection":[{"href":"https:\/\/infolucide.net\/index.php?rest_route=\/wp\/v2\/posts"}],"about":[{"href":"https:\/\/infolucide.net\/index.php?rest_route=\/wp\/v2\/types\/post"}],"author":[{"embeddable":true,"href":"https:\/\/infolucide.net\/index.php?rest_route=\/wp\/v2\/users\/2"}],"replies":[{"embeddable":true,"href":"https:\/\/infolucide.net\/index.php?rest_route=%2Fwp%2Fv2%2Fcomments&post=2660"}],"version-history":[{"count":1,"href":"https:\/\/infolucide.net\/index.php?rest_route=\/wp\/v2\/posts\/2660\/revisions"}],"predecessor-version":[{"id":2662,"href":"https:\/\/infolucide.net\/index.php?rest_route=\/wp\/v2\/posts\/2660\/revisions\/2662"}],"wp:featuredmedia":[{"embeddable":true,"href":"https:\/\/infolucide.net\/index.php?rest_route=\/wp\/v2\/media\/2661"}],"wp:attachment":[{"href":"https:\/\/infolucide.net\/index.php?rest_route=%2Fwp%2Fv2%2Fmedia&parent=2660"}],"wp:term":[{"taxonomy":"category","embeddable":true,"href":"https:\/\/infolucide.net\/index.php?rest_route=%2Fwp%2Fv2%2Fcategories&post=2660"},{"taxonomy":"post_tag","embeddable":true,"href":"https:\/\/infolucide.net\/index.php?rest_route=%2Fwp%2Fv2%2Ftags&post=2660"}],"curies":[{"name":"wp","href":"https:\/\/api.w.org\/{rel}","templated":true}]}}