{"id":2677,"date":"2025-12-01T17:40:43","date_gmt":"2025-12-01T16:40:43","guid":{"rendered":"https:\/\/infolucide.net\/?p=2677"},"modified":"2025-12-01T17:40:46","modified_gmt":"2025-12-01T16:40:46","slug":"can-2025-la-cote-divoire-devoilera-sa-liste-le-9-decembre","status":"publish","type":"post","link":"https:\/\/infolucide.net\/?p=2677","title":{"rendered":"CAN 2025 : LA C\u00d4TE D\u2019IVOIRE D\u00c9VOILERA SA LISTE LE 9 D\u00c9CEMBRE"},"content":{"rendered":"\n<p>La F\u00e9d\u00e9ration Ivoirienne de Football (FIF) a annonc\u00e9 que la liste des joueurs ivoiriens retenus pour la Coupe d\u2019Afrique des Nations (CAN) 2025 sera d\u00e9voil\u00e9e le 9 d\u00e9cembre prochain, suivie d\u00e8s le lendemain du rassemblement de l\u2019\u00e9quipe nationale \u00e0 Marbella en Espagne o\u00f9 deux matchs amicaux sont pr\u00e9vus. Le pr\u00e9sident de la FIF, Yacine Idriss Diallo, a livr\u00e9 ces pr\u00e9cisions le samedi 29 novembre 2025 lors d\u2019un point de presse tenu \u00e0 l\u2019issue d\u2019une assembl\u00e9e g\u00e9n\u00e9rale extraordinaire. Selon lui, les \u00c9l\u00e9phants quitteront Marbella pour Marrakech le 20 d\u00e9cembre afin de rejoindre le site de la comp\u00e9tition. La CAN 2025 se d\u00e9roulera au Maroc du 21 d\u00e9cembre 2025 au 18 janvier 2026 et r\u00e9unira 24 \u00e9quipes dont la C\u00f4te d\u2019Ivoire, championne d\u2019Afrique en titre. Lors de cette assembl\u00e9e, plusieurs d\u00e9cisions importantes ont \u00e9t\u00e9 adopt\u00e9es, notamment l\u2019approbation du budget 2026 de la FIF fix\u00e9 \u00e0 21,7 milliards de F CFA. Le pr\u00e9sident Diallo a toutefois pr\u00e9cis\u00e9 que le budget relatif \u00e0 la participation des \u00c9l\u00e9phants \u00e0 la CAN n\u2019est pas g\u00e9r\u00e9 directement par la F\u00e9d\u00e9ration mais par l\u2019Office National des Sports (ONS), seule entit\u00e9 habilit\u00e9e \u00e0 communiquer sur les d\u00e9penses et arbitrages financiers li\u00e9s \u00e0 la comp\u00e9tition. Par ailleurs, l\u2019assembl\u00e9e a valid\u00e9 l\u2019orientation de la FIFA concernant le calendrier de la prochaine \u00e9lection pr\u00e9sidentielle de la FIF, qui devra se tenir au plus t\u00f4t trois mois avant juin 2026 ou au plus tard trois mois apr\u00e8s juin, soit apr\u00e8s la Coupe du Monde. Cette annonce marque une \u00e9tape importante dans la pr\u00e9paration des \u00c9l\u00e9phants pour d\u00e9fendre leur titre continental et dans la gestion institutionnelle de la F\u00e9d\u00e9ration.<\/p>\n\n\n\n<p>Alfred ZORO-BI<\/p>\n","protected":false},"excerpt":{"rendered":"<p>La F\u00e9d\u00e9ration Ivoirienne de Football (FIF) a annonc\u00e9 que la liste des joueurs ivoiriens retenus pour la Coupe d\u2019Afrique des Nations (CAN) 2025 sera d\u00e9voil\u00e9e le 9 d\u00e9cembre prochain, suivie d\u00e8s le lendemain du rassemblement de l\u2019\u00e9quipe nationale \u00e0 Marbella en Espagne o\u00f9 deux matchs amicaux sont pr\u00e9vus. Le pr\u00e9sident de la FIF, Yacine Idriss [&hellip;]<\/p>\n","protected":false},"author":2,"featured_media":2678,"comment_status":"open","ping_status":"open","sticky":false,"template":"","format":"standard","meta":{"tdm_status":"","tdm_grid_status":"","footnotes":""},"categories":[23,22],"tags":[],"class_list":["post-2677","post","type-post","status-publish","format-standard","has-post-thumbnail","hentry","category-national","category-sport"],"jetpack_featured_media_url":"https:\/\/infolucide.net\/wp-content\/uploads\/2025\/12\/591406807_1165441582368359_1906290605401996677_n.jpg","_links":{"self":[{"href":"https:\/\/infolucide.net\/index.php?rest_route=\/wp\/v2\/posts\/2677","targetHints":{"allow":["GET"]}}],"collection":[{"href":"https:\/\/infolucide.net\/index.php?rest_route=\/wp\/v2\/posts"}],"about":[{"href":"https:\/\/infolucide.net\/index.php?rest_route=\/wp\/v2\/types\/post"}],"author":[{"embeddable":true,"href":"https:\/\/infolucide.net\/index.php?rest_route=\/wp\/v2\/users\/2"}],"replies":[{"embeddable":true,"href":"https:\/\/infolucide.net\/index.php?rest_route=%2Fwp%2Fv2%2Fcomments&post=2677"}],"version-history":[{"count":1,"href":"https:\/\/infolucide.net\/index.php?rest_route=\/wp\/v2\/posts\/2677\/revisions"}],"predecessor-version":[{"id":2679,"href":"https:\/\/infolucide.net\/index.php?rest_route=\/wp\/v2\/posts\/2677\/revisions\/2679"}],"wp:featuredmedia":[{"embeddable":true,"href":"https:\/\/infolucide.net\/index.php?rest_route=\/wp\/v2\/media\/2678"}],"wp:attachment":[{"href":"https:\/\/infolucide.net\/index.php?rest_route=%2Fwp%2Fv2%2Fmedia&parent=2677"}],"wp:term":[{"taxonomy":"category","embeddable":true,"href":"https:\/\/infolucide.net\/index.php?rest_route=%2Fwp%2Fv2%2Fcategories&post=2677"},{"taxonomy":"post_tag","embeddable":true,"href":"https:\/\/infolucide.net\/index.php?rest_route=%2Fwp%2Fv2%2Ftags&post=2677"}],"curies":[{"name":"wp","href":"https:\/\/api.w.org\/{rel}","templated":true}]}}