{"id":2798,"date":"2026-04-27T20:30:33","date_gmt":"2026-04-27T18:30:33","guid":{"rendered":"https:\/\/infolucide.net\/?p=2798"},"modified":"2026-04-27T20:31:15","modified_gmt":"2026-04-27T18:31:15","slug":"mali-un-week-end-sanglant-marque-par-des-attaques-coordonnees-et-la-mort-du-ministre-de-la-defense","status":"publish","type":"post","link":"https:\/\/infolucide.net\/?p=2798","title":{"rendered":"MALI : UN WEEK-END SANGLANT MARQU\u00c9 PAR DES ATTAQUES COORDONN\u00c9ES ET LA MORT DU MINISTRE DE LA D\u00c9FENSE"},"content":{"rendered":"\n<p class=\"has-text-align-justify has-text-align-justify\">Le Mali a \u00e9t\u00e9 secou\u00e9 le samedi 25 avril 2026 par une s\u00e9rie d\u2019attaques coordonn\u00e9es d\u2019une ampleur in\u00e9dite, men\u00e9es par le Groupe de soutien \u00e0 l\u2019islam et aux musulmans (JNIM), affili\u00e9 \u00e0 Al-Qa\u00efda, en partenariat avec les rebelles touaregs du Front de lib\u00e9ration de l\u2019Azawad (FLA). Ces assauts simultan\u00e9s ont vis\u00e9 plusieurs villes du pays, dont la capitale Bamako et sa p\u00e9riph\u00e9rie militaire de Kati, entra\u00eenant la mort du ministre de la D\u00e9fense, le g\u00e9n\u00e9ral Sadio Camara, et semant la confusion sur le terrain.<\/p>\n\n\n\n<p class=\"has-text-align-justify has-text-align-justify\">Les attaques ont d\u00e9but\u00e9 t\u00f4t le matin du 25 avril avec des explosions et des tirs nourris signal\u00e9s \u00e0 Bamako (pr\u00e8s de l\u2019a\u00e9roport et de sites strat\u00e9giques), Kati, Mopti, S\u00e9var\u00e9, Gao, Bourem et Kidal. \u00c0 Kati, principale base militaire situ\u00e9e \u00e0 une quinzaine de kilom\u00e8tres de la capitale, un v\u00e9hicule pi\u00e9g\u00e9 conduit par un kamikaze a frapp\u00e9 la r\u00e9sidence du ministre de la D\u00e9fense. Le g\u00e9n\u00e9ral Sadio Camara, figure centrale de la junte militaire au pouvoir depuis 2020 et consid\u00e9r\u00e9 comme l\u2019un des hommes les plus influents du r\u00e9gime, a \u00e9t\u00e9 tu\u00e9, ainsi que sa seconde \u00e9pouse et deux de ses petits-enfants. Une partie de la r\u00e9sidence a \u00e9t\u00e9 d\u00e9truite par l\u2019explosion.<\/p>\n\n\n\n<p class=\"has-text-align-justify has-text-align-justify\">Le JNIM a rapidement revendiqu\u00e9 ces op\u00e9rations, affirmant avoir cibl\u00e9 le si\u00e8ge du pr\u00e9sident de la transition Assimi Go\u00efta, la r\u00e9sidence du ministre de la D\u00e9fense, l\u2019a\u00e9roport de Bamako et divers sites militaires. Le groupe a d\u00e9clar\u00e9 avoir agi en coordination avec le FLA, les rebelles touaregs revendiquant notamment le contr\u00f4le de Kidal, bastion historique du nord du Mali. Des combats ont \u00e9galement \u00e9t\u00e9 signal\u00e9s \u00e0 Gao, S\u00e9var\u00e9 et Mopti, avec des affrontements opposant les assaillants aux Forces arm\u00e9es maliennes (FAMa) et aux mercenaires du Africa Corps russe.<\/p>\n\n\n\n<p><\/p>\n\n\n\n<p class=\"has-text-align-justify has-text-align-justify\">Les autorit\u00e9s maliennes ont reconnu des \u00ab attaques complexes \u00bb men\u00e9es par des \u00ab groupes arm\u00e9s terroristes \u00bb. Dans un communiqu\u00e9, le gouvernement a indiqu\u00e9 que les FAMa, soutenues par les forces russes, avaient repris le contr\u00f4le de la situation dans la plupart des localit\u00e9s, affirmant avoir neutralis\u00e9 \u00ab plusieurs centaines \u00bb d\u2019assaillants. Le bilan officiel fait \u00e9tat d\u2019au moins 16 bless\u00e9s et de d\u00e9g\u00e2ts mat\u00e9riels, tandis qu\u2019un couvre-feu de 72 heures a \u00e9t\u00e9 impos\u00e9 \u00e0 Bamako. Deux jours de deuil national ont par ailleurs \u00e9t\u00e9 d\u00e9cr\u00e9t\u00e9s en hommage au ministre d\u00e9funt.<\/p>\n\n\n\n<p class=\"has-text-align-justify has-text-align-justify\">Les versions divergent cependant fortement entre les d\u00e9clarations officielles et les revendications des groupes arm\u00e9s, ces derniers \u00e9voquant une offensive majeure avec des prises de positions temporaires et des pertes inflig\u00e9es aux forces gouvernementales. Des combats sporadiques se poursuivaient encore dimanche 26 avril dans certaines zones, notamment autour de Kidal et Gao.<\/p>\n\n\n\n<figure class=\"wp-block-image size-large is-resized\"><img loading=\"lazy\" decoding=\"async\" width=\"1024\" height=\"683\" src=\"https:\/\/infolucide.net\/wp-content\/uploads\/2026\/04\/jad20260218-ass-mali-remaniement-ministeriel-sadiocamara-1024x683.jpg\" alt=\"\" class=\"wp-image-2800\" style=\"aspect-ratio:1.4992793575987737;width:622px;height:auto\" srcset=\"https:\/\/infolucide.net\/wp-content\/uploads\/2026\/04\/jad20260218-ass-mali-remaniement-ministeriel-sadiocamara-1024x683.jpg 1024w, https:\/\/infolucide.net\/wp-content\/uploads\/2026\/04\/jad20260218-ass-mali-remaniement-ministeriel-sadiocamara-300x200.jpg 300w, https:\/\/infolucide.net\/wp-content\/uploads\/2026\/04\/jad20260218-ass-mali-remaniement-ministeriel-sadiocamara-768x512.jpg 768w, https:\/\/infolucide.net\/wp-content\/uploads\/2026\/04\/jad20260218-ass-mali-remaniement-ministeriel-sadiocamara-150x100.jpg 150w, https:\/\/infolucide.net\/wp-content\/uploads\/2026\/04\/jad20260218-ass-mali-remaniement-ministeriel-sadiocamara-696x464.jpg 696w, https:\/\/infolucide.net\/wp-content\/uploads\/2026\/04\/jad20260218-ass-mali-remaniement-ministeriel-sadiocamara-1068x712.jpg 1068w, https:\/\/infolucide.net\/wp-content\/uploads\/2026\/04\/jad20260218-ass-mali-remaniement-ministeriel-sadiocamara-630x420.jpg 630w, https:\/\/infolucide.net\/wp-content\/uploads\/2026\/04\/jad20260218-ass-mali-remaniement-ministeriel-sadiocamara.jpg 1215w\" sizes=\"auto, (max-width: 1024px) 100vw, 1024px\" \/><\/figure>\n\n\n\n<p class=\"has-text-align-justify has-text-align-justify\">Sadio Camara, \u00e2g\u00e9 d\u2019environ 47 ans, \u00e9tait un proche du pr\u00e9sident Assimi Go\u00efta et un partisan du partenariat avec la Russie. Sa disparition constitue un coup dur pour la junte, d\u00e9j\u00e0 confront\u00e9e \u00e0 un isolement international et \u00e0 une ins\u00e9curit\u00e9 persistante dans le Sahel. La Conf\u00e9d\u00e9ration des \u00c9tats du Sahel (AES), regroupant Mali, Burkina Faso et Niger, a d\u00e9nonc\u00e9 un \u00ab complot monstrueux \u00bb, tandis que l\u2019Union africaine, la CEDEAO et plusieurs chancelleries internationales ont condamn\u00e9 ces violences et appel\u00e9 \u00e0 la retenue.<\/p>\n\n\n\n<p class=\"has-text-align-justify has-text-align-justify\">Ces \u00e9v\u00e9nements interviennent plus de dix ans apr\u00e8s le d\u00e9but de la crise malienne en 2012 et soulignent la fragilit\u00e9 du contr\u00f4le exerc\u00e9 par les autorit\u00e9s sur l\u2019ensemble du territoire malgr\u00e9 le renfort russe. La situation reste \u00e9volutive, avec des op\u00e9rations de ratissage en cours et des informations parfois contradictoires en raison des difficult\u00e9s d\u2019acc\u00e8s au terrain. Le gouvernement n\u2019a pas encore communiqu\u00e9 sur une \u00e9ventuelle succession au minist\u00e8re de la D\u00e9fense.<\/p>\n\n\n\n<p>Alfred ZORO-BI<\/p>\n","protected":false},"excerpt":{"rendered":"<p>Le Mali a \u00e9t\u00e9 secou\u00e9 le samedi 25 avril 2026 par une s\u00e9rie d\u2019attaques coordonn\u00e9es d\u2019une ampleur in\u00e9dite, men\u00e9es par le Groupe de soutien \u00e0 l\u2019islam et aux musulmans (JNIM), affili\u00e9 \u00e0 Al-Qa\u00efda, en partenariat avec les rebelles touaregs du Front de lib\u00e9ration de l\u2019Azawad (FLA). Ces assauts simultan\u00e9s ont vis\u00e9 plusieurs villes du pays, [&hellip;]<\/p>\n","protected":false},"author":2,"featured_media":2799,"comment_status":"open","ping_status":"open","sticky":false,"template":"","format":"standard","meta":{"tdm_status":"","tdm_grid_status":"","footnotes":""},"categories":[28,1,25],"tags":[],"class_list":["post-2798","post","type-post","status-publish","format-standard","has-post-thumbnail","hentry","category-international","category-non-classe","category-politics"],"jetpack_featured_media_url":"https:\/\/infolucide.net\/wp-content\/uploads\/2026\/04\/MALI-ATTAQUE-e1602609592225-900x600-1-860x573-1.jpg","_links":{"self":[{"href":"https:\/\/infolucide.net\/index.php?rest_route=\/wp\/v2\/posts\/2798","targetHints":{"allow":["GET"]}}],"collection":[{"href":"https:\/\/infolucide.net\/index.php?rest_route=\/wp\/v2\/posts"}],"about":[{"href":"https:\/\/infolucide.net\/index.php?rest_route=\/wp\/v2\/types\/post"}],"author":[{"embeddable":true,"href":"https:\/\/infolucide.net\/index.php?rest_route=\/wp\/v2\/users\/2"}],"replies":[{"embeddable":true,"href":"https:\/\/infolucide.net\/index.php?rest_route=%2Fwp%2Fv2%2Fcomments&post=2798"}],"version-history":[{"count":1,"href":"https:\/\/infolucide.net\/index.php?rest_route=\/wp\/v2\/posts\/2798\/revisions"}],"predecessor-version":[{"id":2801,"href":"https:\/\/infolucide.net\/index.php?rest_route=\/wp\/v2\/posts\/2798\/revisions\/2801"}],"wp:featuredmedia":[{"embeddable":true,"href":"https:\/\/infolucide.net\/index.php?rest_route=\/wp\/v2\/media\/2799"}],"wp:attachment":[{"href":"https:\/\/infolucide.net\/index.php?rest_route=%2Fwp%2Fv2%2Fmedia&parent=2798"}],"wp:term":[{"taxonomy":"category","embeddable":true,"href":"https:\/\/infolucide.net\/index.php?rest_route=%2Fwp%2Fv2%2Fcategories&post=2798"},{"taxonomy":"post_tag","embeddable":true,"href":"https:\/\/infolucide.net\/index.php?rest_route=%2Fwp%2Fv2%2Ftags&post=2798"}],"curies":[{"name":"wp","href":"https:\/\/api.w.org\/{rel}","templated":true}]}}