{"id":2802,"date":"2026-04-28T12:59:21","date_gmt":"2026-04-28T10:59:21","guid":{"rendered":"https:\/\/infolucide.net\/?p=2802"},"modified":"2026-04-28T12:59:24","modified_gmt":"2026-04-28T10:59:24","slug":"cote-divoire-six-condamnations-a-perpetuite-et-17-peines-de-20-ans-de-prison-dans-le-proces-de-lattaque-de-kafolo","status":"publish","type":"post","link":"https:\/\/infolucide.net\/?p=2802","title":{"rendered":"C\u00d4TE D\u2019IVOIRE : SIX CONDAMNATIONS \u00c0 PERP\u00c9TUIT\u00c9 ET 17 PEINES DE 20 ANS DE PRISON DANS LE PROC\u00c8S DE L\u2019ATTAQUE DE KAFOLO"},"content":{"rendered":"\n<p class=\"has-text-align-justify has-text-align-justify\">La section antiterroriste du tribunal d\u2019Abidjan a rendu lundi 27 avril 2026 son verdict dans le proc\u00e8s de l\u2019attaque terroriste de Kafolo, survenue en juin 2020 dans le nord de la C\u00f4te d\u2019Ivoire pr\u00e8s de la fronti\u00e8re avec le Burkina Faso. Six accus\u00e9s ont \u00e9t\u00e9 condamn\u00e9s \u00e0 la r\u00e9clusion criminelle \u00e0 perp\u00e9tuit\u00e9 pour actes de terrorisme, tandis que dix-sept autres ont \u00e9cop\u00e9 de 20 ans de prison ferme.<\/p>\n\n\n\n<p class=\"has-text-align-justify has-text-align-justify\">L\u2019attaque de Kafolo, perp\u00e9tr\u00e9e le 11 juin 2020 contre un poste de contr\u00f4le militaire, avait co\u00fbt\u00e9 la vie \u00e0 14 soldats ivoiriens et fait plusieurs bless\u00e9s. Revendiqu\u00e9e \u00e0 l\u2019\u00e9poque par des groupes jihadistes li\u00e9s \u00e0 Al-Qa\u00efda op\u00e9rant depuis le Burkina Faso, elle avait profond\u00e9ment marqu\u00e9 l\u2019opinion publique ivoirienne et r\u00e9v\u00e9l\u00e9 la vuln\u00e9rabilit\u00e9 de la zone frontali\u00e8re septentrionale.<\/p>\n\n\n\n<p class=\"has-text-align-justify has-text-align-justify\">Sur les 45 personnes finalement jug\u00e9es \u2013 apr\u00e8s l\u2019interpellation initiale d\u2019une centaine de suspects \u2013, le tribunal a reconnu la culpabilit\u00e9 de 23 d\u2019entre elles. Les six condamn\u00e9s \u00e0 la perp\u00e9tuit\u00e9 sont consid\u00e9r\u00e9s comme les auteurs principaux, complices directs ou logisticiens majeurs de l\u2019assaut. Les dix-sept autres ont \u00e9t\u00e9 reconnus coupables de participation ou de soutien \u00e0 l\u2019op\u00e9ration terroriste. Les vingt-deux accus\u00e9s restants ont \u00e9t\u00e9 acquitt\u00e9s ou ont b\u00e9n\u00e9fici\u00e9 de requalifications des faits, selon les \u00e9l\u00e9ments pr\u00e9sent\u00e9s durant les audiences.<\/p>\n\n\n\n<p class=\"has-text-align-justify has-text-align-justify\">Ce proc\u00e8s, qui s\u2019est tenu devant la section sp\u00e9cialis\u00e9e dans les affaires de terrorisme, symbolise selon les autorit\u00e9s ivoiriennes la d\u00e9termination de l\u2019\u00c9tat \u00e0 lutter contre le terrorisme et \u00e0 sanctionner tant les ex\u00e9cutants que leurs r\u00e9seaux de soutien. Les plaidoiries de la d\u00e9fense, qui avaient demand\u00e9 de nombreux acquittements et des requalifications, n\u2019ont \u00e9t\u00e9 que partiellement suivies par la cour.<\/p>\n\n\n\n<p class=\"has-text-align-justify has-text-align-justify\">Le verdict intervient pr\u00e8s de six ans apr\u00e8s les faits et cl\u00f4t une longue proc\u00e9dure judiciaire. Les autorit\u00e9s n\u2019ont pas encore indiqu\u00e9 si des appels seraient form\u00e9s. Ce jugement intervient alors que la r\u00e9gion du Sahel continue de faire face \u00e0 une menace jihadiste persistante, comme l\u2019illustrent les r\u00e9centes attaques meurtri\u00e8res survenues ce week-end au Mali voisin.<\/p>\n\n\n\n<p>Alfred ZORO-BI<\/p>\n","protected":false},"excerpt":{"rendered":"<p>La section antiterroriste du tribunal d\u2019Abidjan a rendu lundi 27 avril 2026 son verdict dans le proc\u00e8s de l\u2019attaque terroriste de Kafolo, survenue en juin 2020 dans le nord de la C\u00f4te d\u2019Ivoire pr\u00e8s de la fronti\u00e8re avec le Burkina Faso. Six accus\u00e9s ont \u00e9t\u00e9 condamn\u00e9s \u00e0 la r\u00e9clusion criminelle \u00e0 perp\u00e9tuit\u00e9 pour actes de [&hellip;]<\/p>\n","protected":false},"author":2,"featured_media":2803,"comment_status":"open","ping_status":"open","sticky":false,"template":"","format":"standard","meta":{"tdm_status":"","tdm_grid_status":"","footnotes":""},"categories":[23,25],"tags":[],"class_list":["post-2802","post","type-post","status-publish","format-standard","has-post-thumbnail","hentry","category-national","category-politics"],"jetpack_featured_media_url":"https:\/\/infolucide.net\/wp-content\/uploads\/2026\/04\/WhatsApp-Image-2025-11-04-at-14-44-49-4.jpeg","_links":{"self":[{"href":"https:\/\/infolucide.net\/index.php?rest_route=\/wp\/v2\/posts\/2802","targetHints":{"allow":["GET"]}}],"collection":[{"href":"https:\/\/infolucide.net\/index.php?rest_route=\/wp\/v2\/posts"}],"about":[{"href":"https:\/\/infolucide.net\/index.php?rest_route=\/wp\/v2\/types\/post"}],"author":[{"embeddable":true,"href":"https:\/\/infolucide.net\/index.php?rest_route=\/wp\/v2\/users\/2"}],"replies":[{"embeddable":true,"href":"https:\/\/infolucide.net\/index.php?rest_route=%2Fwp%2Fv2%2Fcomments&post=2802"}],"version-history":[{"count":1,"href":"https:\/\/infolucide.net\/index.php?rest_route=\/wp\/v2\/posts\/2802\/revisions"}],"predecessor-version":[{"id":2804,"href":"https:\/\/infolucide.net\/index.php?rest_route=\/wp\/v2\/posts\/2802\/revisions\/2804"}],"wp:featuredmedia":[{"embeddable":true,"href":"https:\/\/infolucide.net\/index.php?rest_route=\/wp\/v2\/media\/2803"}],"wp:attachment":[{"href":"https:\/\/infolucide.net\/index.php?rest_route=%2Fwp%2Fv2%2Fmedia&parent=2802"}],"wp:term":[{"taxonomy":"category","embeddable":true,"href":"https:\/\/infolucide.net\/index.php?rest_route=%2Fwp%2Fv2%2Fcategories&post=2802"},{"taxonomy":"post_tag","embeddable":true,"href":"https:\/\/infolucide.net\/index.php?rest_route=%2Fwp%2Fv2%2Ftags&post=2802"}],"curies":[{"name":"wp","href":"https:\/\/api.w.org\/{rel}","templated":true}]}}